{"id":900,"count":5,"description":"","link":"https:\/\/www.tasteactually.com\/blog\/tag\/nemecka-kuchyne\/","name":"n\u011bmeck\u00e1 kuchyn\u011b","slug":"nemecka-kuchyne","taxonomy":"post_tag","meta":[],"_links":{"self":[{"href":"https:\/\/www.tasteactually.com\/blog\/wp-json\/wp\/v2\/tags\/900","targetHints":{"allow":["GET"]}}],"collection":[{"href":"https:\/\/www.tasteactually.com\/blog\/wp-json\/wp\/v2\/tags"}],"about":[{"href":"https:\/\/www.tasteactually.com\/blog\/wp-json\/wp\/v2\/taxonomies\/post_tag"}],"wp:post_type":[{"href":"https:\/\/www.tasteactually.com\/blog\/wp-json\/wp\/v2\/posts?tags=900"}],"curies":[{"name":"wp","href":"https:\/\/api.w.org\/{rel}","templated":true}]}}