{"id":708,"date":"2015-12-29T19:34:07","date_gmt":"2015-12-29T18:34:07","guid":{"rendered":"http:\/\/www.tasteactually.com\/blog\/?p=708"},"modified":"2015-12-29T19:55:45","modified_gmt":"2015-12-29T18:55:45","slug":"taste-actually-na-silvestr","status":"publish","type":"post","link":"https:\/\/www.tasteactually.com\/blog\/2015\/12\/taste-actually-na-silvestr\/","title":{"rendered":"Silvestr zdrav\u011b a snadno podle Taste Actually"},"content":{"rendered":"<p>B\u011bhem v\u00e1no\u010dn\u00edch sv\u00e1tk\u016f hodn\u011b cestujeme. Nejd\u0159\u00edv se p\u0159esouv\u00e1me z N\u011bmecka do Prahy a potom u\u017e se nezastav\u00edme a sna\u017e\u00edme se stihnout potkat a nav\u0161t\u00edvit v\u0161echny na\u0161e bl\u00edzk\u00e9. A kdy\u017e ne v\u0161echny,<!--more--> tak aspo\u0148 v\u011bt\u0161inu. Vylo\u017eit z auta, nalo\u017eit do auta, vylo\u017eit z auta, nic nezapomenout, nalo\u017eit do auta&#8230;tak\u017ee po tomhle maratonu u\u017e nem\u00e1me s\u00edly na n\u011bjak\u00e9 bujar\u00e9 silvestrovsk\u00e9 oslavy. B\u00fdv\u00e1 to nejklidn\u011bj\u0161\u00ed ze v\u0161ech na\u0161ich oslav za cel\u00fd rok. O dobr\u00e9m j\u00eddle a pit\u00ed je ov\u0161em n\u00e1\u0161 silvestr p\u0159edev\u0161\u00edm.<\/p>\n<p>Tady je trocha inspirace z na\u0161eho archivu, kam s\u00e1hnu letos j\u00e1. Zdrav\u00e9 poho\u0161t\u011bn\u00ed, kter\u00e9 postav\u00edm na zelenin\u011b v mnoha podob\u00e1ch. Komu se nechce lovit a hledat mezi recepty, tady je mal\u00fd seznam pro zjednodu\u0161en\u00ed (sta\u010d\u00ed kliknout na n\u00e1zev receptu v seznamu a hned jsem p\u0159\u00edmo v receptu)&#8230;nejsou v\u017edycky pot\u0159eba exotick\u00e9 ingredience, aby v\u0161em chutnalo a j\u00eddlo je bavilo.<\/p>\n<p>KLIKN\u011aTE SI NA VYLOVEN\u00c9 RECEPTY:<\/p>\n<p>&#8211;\u00a0<a href=\"http:\/\/www.tasteactually.com\/blog\/recipe\/humus-a-humus-se-susenymi-rajcaty\/\">Humus a humus se su\u0161en\u00fdmi raj\u010daty<\/a><a href=\"http:\/\/www.tasteactually.com\/blog\/recipe\/mrkvovy-dip\/\"><br \/>\n&#8211; Mrkvov\u00fd dip<br \/>\n<\/a>&#8211;\u00a0<a href=\"http:\/\/www.tasteactually.com\/blog\/recipe\/podzimni-bruschetty-s-dyni\/\">D\u00fd\u0148ov\u00e9 bruschety<\/a><br \/>\n&#8211;\u00a0<a href=\"http:\/\/www.tasteactually.com\/blog\/recipe\/tatarak-z-uzeneho-lososa-vyrazil-do-sveta\/\">Lososov\u00fd tatar\u00e1k<\/a><br \/>\n&#8211;\u00a0<a href=\"http:\/\/www.tasteactually.com\/blog\/recipe\/letni-vietnamske-rolky-s-dipy\/\">Vietnamsk\u00e9 letn\u00ed rolky<\/a><br \/>\n&#8211;\u00a0<a href=\"http:\/\/www.tasteactually.com\/blog\/recipe\/salsa-tomate-roja-asada\/\">Salsa z pe\u010den\u00fdch raj\u010dat<\/a><br \/>\n&#8211;\u00a0<a href=\"http:\/\/www.tasteactually.com\/blog\/recipe\/baba-ganoush-dip-z-peceneho-lilku\/\">Baba Ganoush &#8211; Dip z pe\u010den\u00e9ho lilku<\/a><br \/>\n&#8211;\u00a0<a href=\"http:\/\/www.tasteactually.com\/blog\/recipe\/lehke-nadychane-kvetakovo-syrove-muffiny-bez-mouky\/\">Kv\u011bt\u00e1kovo-s\u00fdrov\u00e9 muffiny<\/a><br \/>\n&#8211;\u00a0<a href=\"http:\/\/www.tasteactually.com\/blog\/recipe\/celerova-remulada\/\">Celerov\u00e1 remul\u00e1da<\/a><br \/>\n&#8211;\u00a0<a href=\"http:\/\/www.tasteactually.com\/blog\/recipe\/barevny-cockovy-salat-podle-pani-ackermannove\/\">Barevn\u00fd \u010do\u010dkov\u00fd sal\u00e1t podle pan\u00ed Ackermannov\u00e9<\/a><br \/>\n&#8211;\u00a0<a href=\"http:\/\/www.tasteactually.com\/blog\/recipe\/spizy-ze-syru-halloumi-a-cuket\/\">\u0160p\u00edzy ze s\u00fdru Halloumi a cuket<\/a><br \/>\n&#8211;\u00a0<a href=\"http:\/\/www.tasteactually.com\/blog\/recipe\/toasty-s-kozim-syrem-medem-a-rozmarynem\/\">Toasty s koz\u00edm s\u00fdrem, medem a rozmar\u00fdnem<\/a><\/p>\n","protected":false},"excerpt":{"rendered":"<p>B\u011bhem v\u00e1no\u010dn\u00edch sv\u00e1tk\u016f hodn\u011b cestujeme. Nejd\u0159\u00edv se p\u0159esouv\u00e1me z N\u011bmecka do Prahy a potom u\u017e se nezastav\u00edme a sna\u017e\u00edme se stihnout potkat a nav\u0161t\u00edvit v\u0161echny na\u0161e bl\u00edzk\u00e9. A kdy\u017e ne v\u0161echny,<\/p>\n","protected":false},"author":3,"featured_media":726,"comment_status":"open","ping_status":"open","sticky":false,"template":"","format":"standard","meta":{"wprm-recipe-roundup-name":"","wprm-recipe-roundup-description":"","footnotes":""},"categories":[1],"tags":[348,138,862,861,865,90,860,794,864],"class_list":["post-708","post","type-post","status-publish","format-standard","has-post-thumbnail","hentry","category-nezarazene","tag-dip","tag-muffiny","tag-naslano","tag-pohosteni","tag-ryby","tag-rychle","tag-silvestr","tag-zdrave","tag-zelenina"],"_links":{"self":[{"href":"https:\/\/www.tasteactually.com\/blog\/wp-json\/wp\/v2\/posts\/708","targetHints":{"allow":["GET"]}}],"collection":[{"href":"https:\/\/www.tasteactually.com\/blog\/wp-json\/wp\/v2\/posts"}],"about":[{"href":"https:\/\/www.tasteactually.com\/blog\/wp-json\/wp\/v2\/types\/post"}],"author":[{"embeddable":true,"href":"https:\/\/www.tasteactually.com\/blog\/wp-json\/wp\/v2\/users\/3"}],"replies":[{"embeddable":true,"href":"https:\/\/www.tasteactually.com\/blog\/wp-json\/wp\/v2\/comments?post=708"}],"version-history":[{"count":0,"href":"https:\/\/www.tasteactually.com\/blog\/wp-json\/wp\/v2\/posts\/708\/revisions"}],"wp:featuredmedia":[{"embeddable":true,"href":"https:\/\/www.tasteactually.com\/blog\/wp-json\/wp\/v2\/media\/726"}],"wp:attachment":[{"href":"https:\/\/www.tasteactually.com\/blog\/wp-json\/wp\/v2\/media?parent=708"}],"wp:term":[{"taxonomy":"category","embeddable":true,"href":"https:\/\/www.tasteactually.com\/blog\/wp-json\/wp\/v2\/categories?post=708"},{"taxonomy":"post_tag","embeddable":true,"href":"https:\/\/www.tasteactually.com\/blog\/wp-json\/wp\/v2\/tags?post=708"}],"curies":[{"name":"wp","href":"https:\/\/api.w.org\/{rel}","templated":true}]}}