{"id":2459,"date":"2018-08-20T18:57:27","date_gmt":"2018-08-20T16:57:27","guid":{"rendered":"http:\/\/www.tasteactually.com\/blog\/?p=2459"},"modified":"2018-08-20T16:24:25","modified_gmt":"2018-08-20T14:24:25","slug":"na-kolo-a-kavu-do-utrechtu-o-ano","status":"publish","type":"post","link":"https:\/\/www.tasteactually.com\/blog\/2018\/08\/na-kolo-a-kavu-do-utrechtu-o-ano\/","title":{"rendered":"Na kolo a k\u00e1vu do Utrechtu, \u00f3 ano!"},"content":{"rendered":"<p>V\u017edycky, kdy\u017e jsme s Tomem v Holandsku, tak se tam chceme st\u011bhovat. A\u0165 je to kdekoliv, v\u0161ude se n\u00e1m l\u00edb\u00ed. V\u0161ude je zeleno (na ja\u0159e mnohem v\u00edc barevno), v\u0161ude je to bl\u00edzko k mo\u0159i, v\u0161ude se skv\u011ble jezd\u00ed na kole, v\u0161ude jsou kr\u00e1sn\u00fd cihlov\u00fd domy, v\u0161ude je to hezky upraven\u00fd, v\u0161ude maj\u00ed lidi vkus a obklopuj\u00ed se kr\u00e1snejma v\u011bcma, v\u0161ude maj\u00ed haring (m\u0148am!) a v\u0161ude, ve v\u011bt\u0161\u00edch m\u011bstech, maj\u00ed alespo\u0148 jednu kr\u00e1snou kav\u00e1rnu.<span class=\"Apple-converted-space\">\u00a0<\/span><!--more--><\/p>\n<p>Tak\u017ee si p\u0159i proj\u00ed\u017e\u010fk\u00e1ch kolem kan\u00e1l\u016f nebo p\u0159i lelkov\u00e1n\u00ed v kav\u00e1rn\u00e1ch hezky romanticky kresl\u00edme, v jak\u00e9m dom\u011b a v jak\u00fd \u010dtvrti by se n\u00e1m l\u00edbilo bydlet, co bysme d\u011blali za pr\u00e1ci, jak\u00e1 kola bysme si po\u0159\u00eddili a skoro se u\u017e hl\u00e1s\u00edme na kurz holand\u0161tiny.<span class=\"Apple-converted-space\">\u00a0<\/span><\/p>\n<p>P\u0159ed p\u00e1r dny v Utrechtu tomu nebylo jinak. Tohle skv\u011bl\u00fd studentsk\u00fd m\u011bsto s bohatou histori\u00ed se n\u00e1m dostalo pod k\u016f\u017ei u\u017e p\u0159ed t\u0159emi lety, kdy jsme tam byli poprv\u00e9. Letos jsme se tam vr\u00e1tili a zase p\u0159i proj\u00ed\u017e\u010fk\u00e1ch na kole a vysed\u00e1v\u00e1n\u00ed v kav\u00e1rn\u00e1ch snili o st\u011bhov\u00e1n\u00ed. :-)<\/p>\n<p>No, nev\u00edm jak s t\u00edm st\u011bhov\u00e1n\u00edm, ale minim\u00e1ln\u011b na kolo a k\u00e1vu do Utrechtu, \u00f3 ano &#8211; p\u0159eci jen jsme je\u0161t\u011b p\u00e1r m\u00edst nestihli a do t\u011bch prov\u011b\u0159en\u00fdch se r\u00e1di vr\u00e1t\u00edme. Pokud jste, stejn\u011b jako my, milovn\u00edci k\u00e1vy a slow cestov\u00e1n\u00ed a ocitnete se v Utrechtu, tak by v\u00e1m mohl stru\u010dn\u00fd pr\u016fvodce po na\u0161ich obl\u00edben\u00fdch kav\u00e1rn\u00e1ch p\u0159ij\u00edt vhod. Po\u0159ad\u00ed je n\u00e1hodn\u00e9. :-)<\/p>\n<p><strong>BLACKBIRD COFFEE &amp; VINTAGE<\/strong><br \/>\nOudegracht 222, Utrecht<\/p>\n<figure id=\"attachment_2467\" aria-describedby=\"caption-attachment-2467\" style=\"width: 709px\" class=\"wp-caption aligncenter\"><img loading=\"lazy\" decoding=\"async\" class=\"size-full wp-image-2467\" src=\"http:\/\/www.tasteactually.com\/blog\/wp-content\/uploads\/2018\/08\/Blackbird-Coffee-and-Vintage.jpg\" alt=\"\" width=\"709\" height=\"399\" srcset=\"https:\/\/www.tasteactually.com\/blog\/wp-content\/uploads\/2018\/08\/Blackbird-Coffee-and-Vintage.jpg 709w, https:\/\/www.tasteactually.com\/blog\/wp-content\/uploads\/2018\/08\/Blackbird-Coffee-and-Vintage-300x169.jpg 300w, https:\/\/www.tasteactually.com\/blog\/wp-content\/uploads\/2018\/08\/Blackbird-Coffee-and-Vintage-150x84.jpg 150w, https:\/\/www.tasteactually.com\/blog\/wp-content\/uploads\/2018\/08\/Blackbird-Coffee-and-Vintage-600x338.jpg 600w, https:\/\/www.tasteactually.com\/blog\/wp-content\/uploads\/2018\/08\/Blackbird-Coffee-and-Vintage-480x270.jpg 480w, https:\/\/www.tasteactually.com\/blog\/wp-content\/uploads\/2018\/08\/Blackbird-Coffee-and-Vintage-24x14.jpg 24w, https:\/\/www.tasteactually.com\/blog\/wp-content\/uploads\/2018\/08\/Blackbird-Coffee-and-Vintage-36x20.jpg 36w, https:\/\/www.tasteactually.com\/blog\/wp-content\/uploads\/2018\/08\/Blackbird-Coffee-and-Vintage-48x27.jpg 48w\" sizes=\"auto, (max-width: 709px) 100vw, 709px\" \/><figcaption id=\"caption-attachment-2467\" class=\"wp-caption-text\">Blackbird Coffee &amp; Vintage \/ fotky TASTE Actually<\/figcaption><\/figure>\n<p>Kav\u00e1rna Blackbird v sam\u00e9m srdci historick\u00e9ho Utrechtu, u hlavn\u00edho kan\u00e1lu Oudegracht m\u00e1 kr\u00e1snou &#8222;vintage&#8220; atmosf\u00e9ru, v\u00fdborn\u00fd kafe, sladk\u00fd dobroty (i wafle!) a milou obsluhu. V\u0161ude na zdech vis\u00ed zrenovovan\u00e1 kola, kter\u00e1 jsou na prodej.<br \/>\nK\u00e1va: Het Koffielab<br \/>\n<a href=\"https:\/\/www.blackbirdcoffee.nl\">web<\/a> \/ <a href=\"https:\/\/www.facebook.com\/blackbirdcoffee?fref=ts\">facebook<\/a> \/ <a href=\"https:\/\/www.instagram.com\/explore\/locations\/65777571\/blackbird-coffee-vintage\/\">instagram<\/a><\/p>\n<p><strong>TKOFFIEBOONTJE<\/strong><br \/>\nOudegracht 92 \/ Gruttersdijk 42, Utrecht<\/p>\n<figure id=\"attachment_2473\" aria-describedby=\"caption-attachment-2473\" style=\"width: 709px\" class=\"wp-caption alignnone\"><img loading=\"lazy\" decoding=\"async\" class=\"size-full wp-image-2473\" src=\"http:\/\/www.tasteactually.com\/blog\/wp-content\/uploads\/2018\/08\/Koffieboontje-1.jpg\" alt=\"\" width=\"709\" height=\"399\" srcset=\"https:\/\/www.tasteactually.com\/blog\/wp-content\/uploads\/2018\/08\/Koffieboontje-1.jpg 709w, https:\/\/www.tasteactually.com\/blog\/wp-content\/uploads\/2018\/08\/Koffieboontje-1-300x169.jpg 300w, https:\/\/www.tasteactually.com\/blog\/wp-content\/uploads\/2018\/08\/Koffieboontje-1-150x84.jpg 150w, https:\/\/www.tasteactually.com\/blog\/wp-content\/uploads\/2018\/08\/Koffieboontje-1-600x338.jpg 600w, https:\/\/www.tasteactually.com\/blog\/wp-content\/uploads\/2018\/08\/Koffieboontje-1-480x270.jpg 480w, https:\/\/www.tasteactually.com\/blog\/wp-content\/uploads\/2018\/08\/Koffieboontje-1-24x14.jpg 24w, https:\/\/www.tasteactually.com\/blog\/wp-content\/uploads\/2018\/08\/Koffieboontje-1-36x20.jpg 36w, https:\/\/www.tasteactually.com\/blog\/wp-content\/uploads\/2018\/08\/Koffieboontje-1-48x27.jpg 48w\" sizes=\"auto, (max-width: 709px) 100vw, 709px\" \/><figcaption id=\"caption-attachment-2473\" class=\"wp-caption-text\">tKoffieboontje \/ Oudegracht 92 \/ fotky TASTE Actually<\/figcaption><\/figure>\n<figure id=\"attachment_2474\" aria-describedby=\"caption-attachment-2474\" style=\"width: 709px\" class=\"wp-caption alignnone\"><img loading=\"lazy\" decoding=\"async\" class=\"size-full wp-image-2474\" src=\"http:\/\/www.tasteactually.com\/blog\/wp-content\/uploads\/2018\/08\/Koffieboontje-2.jpg\" alt=\"\" width=\"709\" height=\"399\" srcset=\"https:\/\/www.tasteactually.com\/blog\/wp-content\/uploads\/2018\/08\/Koffieboontje-2.jpg 709w, https:\/\/www.tasteactually.com\/blog\/wp-content\/uploads\/2018\/08\/Koffieboontje-2-300x169.jpg 300w, https:\/\/www.tasteactually.com\/blog\/wp-content\/uploads\/2018\/08\/Koffieboontje-2-150x84.jpg 150w, https:\/\/www.tasteactually.com\/blog\/wp-content\/uploads\/2018\/08\/Koffieboontje-2-600x338.jpg 600w, https:\/\/www.tasteactually.com\/blog\/wp-content\/uploads\/2018\/08\/Koffieboontje-2-480x270.jpg 480w, https:\/\/www.tasteactually.com\/blog\/wp-content\/uploads\/2018\/08\/Koffieboontje-2-24x14.jpg 24w, https:\/\/www.tasteactually.com\/blog\/wp-content\/uploads\/2018\/08\/Koffieboontje-2-36x20.jpg 36w, https:\/\/www.tasteactually.com\/blog\/wp-content\/uploads\/2018\/08\/Koffieboontje-2-48x27.jpg 48w\" sizes=\"auto, (max-width: 709px) 100vw, 709px\" \/><figcaption id=\"caption-attachment-2474\" class=\"wp-caption-text\">tKoffieboontje \/ Gruttersdijk 42 \/ fotky TASTE Actually<\/figcaption><\/figure>\n<p>Kav\u00e1rny pod zna\u010dkou tKoffieboontje jsou v Utrechtu dv\u011b. Jedna, ta star\u0161\u00ed, je u hlavn\u00edho kan\u00e1lu Oudegracht v historick\u00e9m centru m\u011bsta. Ta druh\u00e1, otev\u0159en\u00e1 teprve vloni (2017), je kousek stranou centra &#8211; ide\u00e1ln\u00ed zajet sem na kole. P\u0159es silnici se nad n\u00ed ty\u010d\u00ed star\u00fd v\u011btrn\u00fd ml\u00fdn :-) Ob\u011b maj\u00ed kr\u00e1snou dom\u00e1ckou atmosf\u00e9ru, jsou \u00fatuln\u00fd, nab\u00edz\u00ed snacky, sladk\u00e9 dobroty a p\u0159edev\u0161\u00edm skv\u011ble p\u0159ipravenou k\u00e1vu.<br \/>\nK\u00e1va: Bocca<br \/>\n<a href=\"https:\/\/tkoffieboontje.nl\">web<\/a> \/ <a href=\"https:\/\/www.facebook.com\/tkoffieboontje.nl\/\">facebook<\/a> \/ <a href=\"https:\/\/www.instagram.com\/tkoffieboontje\/\">instagram<\/a><\/p>\n<p><strong>30ML COFFEE ROASTERS<\/strong><br \/>\nVredenburg 23 \/ Zadelstraat 11, Utrecht<\/p>\n<figure id=\"attachment_2476\" aria-describedby=\"caption-attachment-2476\" style=\"width: 709px\" class=\"wp-caption alignnone\"><img loading=\"lazy\" decoding=\"async\" class=\"size-full wp-image-2476\" src=\"http:\/\/www.tasteactually.com\/blog\/wp-content\/uploads\/2018\/08\/30ml-coffee-roasters.jpg\" alt=\"\" width=\"709\" height=\"399\" srcset=\"https:\/\/www.tasteactually.com\/blog\/wp-content\/uploads\/2018\/08\/30ml-coffee-roasters.jpg 709w, https:\/\/www.tasteactually.com\/blog\/wp-content\/uploads\/2018\/08\/30ml-coffee-roasters-300x169.jpg 300w, https:\/\/www.tasteactually.com\/blog\/wp-content\/uploads\/2018\/08\/30ml-coffee-roasters-150x84.jpg 150w, https:\/\/www.tasteactually.com\/blog\/wp-content\/uploads\/2018\/08\/30ml-coffee-roasters-600x338.jpg 600w, https:\/\/www.tasteactually.com\/blog\/wp-content\/uploads\/2018\/08\/30ml-coffee-roasters-480x270.jpg 480w, https:\/\/www.tasteactually.com\/blog\/wp-content\/uploads\/2018\/08\/30ml-coffee-roasters-24x14.jpg 24w, https:\/\/www.tasteactually.com\/blog\/wp-content\/uploads\/2018\/08\/30ml-coffee-roasters-36x20.jpg 36w, https:\/\/www.tasteactually.com\/blog\/wp-content\/uploads\/2018\/08\/30ml-coffee-roasters-48x27.jpg 48w\" sizes=\"auto, (max-width: 709px) 100vw, 709px\" \/><figcaption id=\"caption-attachment-2476\" class=\"wp-caption-text\">30ml Coffee Roasters \/ Vredenburg 23 \/ fotky TASTE Actually<\/figcaption><\/figure>\n<p>V Utrechtu jsou u\u017e pr\u00fd t\u0159i, my jsme byli zat\u00edm ve dvou kav\u00e1rn\u00e1ch 30ml Coffee Roasters v centru &#8211; letos v tomhle super prostornym coffee baru (Vredenburg). Nab\u00edz\u00ed velk\u00fd v\u00fdb\u011br j\u00eddla, pit\u00ed i dobrot. Kafe je super!<br \/>\nK\u00e1va: vlastn\u00ed<br \/>\n<a href=\"https:\/\/www.30mlcoffeeroasters.com\">web<\/a> \/ <a href=\"https:\/\/www.facebook.com\/30mlcoffeeroasters\/\">facebook<\/a> \/ <a href=\"https:\/\/www.instagram.com\/30ml_coffeeroasters\/\">instagram<\/a><\/p>\n<p><strong>THE VILLAGE COFFEE &amp; MUSIC<\/strong><br \/>\nVoorstraat 46 \/ Bisschopssteeg 21, Utrecht<\/p>\n<figure id=\"attachment_2477\" aria-describedby=\"caption-attachment-2477\" style=\"width: 709px\" class=\"wp-caption alignnone\"><img loading=\"lazy\" decoding=\"async\" class=\"size-full wp-image-2477\" src=\"http:\/\/www.tasteactually.com\/blog\/wp-content\/uploads\/2018\/08\/The-Village-Coffee-and-Music.jpg\" alt=\"\" width=\"709\" height=\"399\" srcset=\"https:\/\/www.tasteactually.com\/blog\/wp-content\/uploads\/2018\/08\/The-Village-Coffee-and-Music.jpg 709w, https:\/\/www.tasteactually.com\/blog\/wp-content\/uploads\/2018\/08\/The-Village-Coffee-and-Music-300x169.jpg 300w, https:\/\/www.tasteactually.com\/blog\/wp-content\/uploads\/2018\/08\/The-Village-Coffee-and-Music-150x84.jpg 150w, https:\/\/www.tasteactually.com\/blog\/wp-content\/uploads\/2018\/08\/The-Village-Coffee-and-Music-600x338.jpg 600w, https:\/\/www.tasteactually.com\/blog\/wp-content\/uploads\/2018\/08\/The-Village-Coffee-and-Music-480x270.jpg 480w, https:\/\/www.tasteactually.com\/blog\/wp-content\/uploads\/2018\/08\/The-Village-Coffee-and-Music-24x14.jpg 24w, https:\/\/www.tasteactually.com\/blog\/wp-content\/uploads\/2018\/08\/The-Village-Coffee-and-Music-36x20.jpg 36w, https:\/\/www.tasteactually.com\/blog\/wp-content\/uploads\/2018\/08\/The-Village-Coffee-and-Music-48x27.jpg 48w\" sizes=\"auto, (max-width: 709px) 100vw, 709px\" \/><figcaption id=\"caption-attachment-2477\" class=\"wp-caption-text\">The Village Coffee &amp; Music \/ Voorstraat 46 \/ fotky TASTE Actually<\/figcaption><\/figure>\n<p>Ve &#8222;Village&#8220; to nen\u00ed jen o k\u00e1v\u011b, kter\u00e1 je perfektn\u00ed, ale i o po\u0159\u00e1dnym rock&#8217;n&#8217;rollu. Sem si chod\u00ed pravideln\u011b vychutnat sv\u00fd kafe, pokl\u00e1bosit s baristy a poslechnout si hlasitou hudbu hlavn\u011b m\u00edst\u0148\u00e1ci. Je to jedna z prvn\u00edch kav\u00e1ren s v\u00fdb\u011brovou k\u00e1vou v Utrechtu, kter\u00e1 si dr\u017e\u00ed sv\u016fj styl a kde je v\u017edycky celkem t\u011b\u017ek\u00fd sehnat flek k sezen\u00ed. Atmosf\u00e9ra je \u00fa\u017easn\u00e1 a ulice Voorstraat, kde se kav\u00e1rna nach\u00e1z\u00ed, jakbysmet.<br \/>\nK\u00e1va: vlastn\u00ed<br \/>\n<a href=\"http:\/\/thevillagecoffee.nl\">web<\/a> \/ <a href=\"https:\/\/www.facebook.com\/The-Village-Coffee-Music-166724940038201\/\">facebook<\/a> \/ <a href=\"https:\/\/www.instagram.com\/thevillagecoffee\/\">instagram<\/a><\/p>\n<p><strong>ROCKING CHAIR<\/strong><br \/>\nWillem van Noortstraat 88, Utrecht<\/p>\n<figure id=\"attachment_2479\" aria-describedby=\"caption-attachment-2479\" style=\"width: 709px\" class=\"wp-caption alignnone\"><img loading=\"lazy\" decoding=\"async\" class=\"size-full wp-image-2479\" src=\"http:\/\/www.tasteactually.com\/blog\/wp-content\/uploads\/2018\/08\/Rocking-Chair.jpg\" alt=\"\" width=\"709\" height=\"399\" srcset=\"https:\/\/www.tasteactually.com\/blog\/wp-content\/uploads\/2018\/08\/Rocking-Chair.jpg 709w, https:\/\/www.tasteactually.com\/blog\/wp-content\/uploads\/2018\/08\/Rocking-Chair-300x169.jpg 300w, https:\/\/www.tasteactually.com\/blog\/wp-content\/uploads\/2018\/08\/Rocking-Chair-150x84.jpg 150w, https:\/\/www.tasteactually.com\/blog\/wp-content\/uploads\/2018\/08\/Rocking-Chair-600x338.jpg 600w, https:\/\/www.tasteactually.com\/blog\/wp-content\/uploads\/2018\/08\/Rocking-Chair-480x270.jpg 480w, https:\/\/www.tasteactually.com\/blog\/wp-content\/uploads\/2018\/08\/Rocking-Chair-24x14.jpg 24w, https:\/\/www.tasteactually.com\/blog\/wp-content\/uploads\/2018\/08\/Rocking-Chair-36x20.jpg 36w, https:\/\/www.tasteactually.com\/blog\/wp-content\/uploads\/2018\/08\/Rocking-Chair-48x27.jpg 48w\" sizes=\"auto, (max-width: 709px) 100vw, 709px\" \/><figcaption id=\"caption-attachment-2479\" class=\"wp-caption-text\">Rocking Chair \/ fotky TASTE Actually<\/figcaption><\/figure>\n<p>Rocking Chair je kav\u00e1rna, kterou chcete m\u00edt tam, kde bydl\u00edte. Super p\u0159\u00edjemn\u00fd m\u00edsto mimo centrum se super k\u00e1vou a p\u0159\u00edjemnou obsluhou, s kterou je radost zap\u0159\u00edst hovor. Krom\u011b k\u00e1vy a pit\u00ed nab\u00edz\u00ed kav\u00e1rna i hezk\u00e9 sladk\u00e9 dobroty. Jo, a je tam d\u011btsk\u00fd koutek, tak\u017ee ide\u00e1l i pro rodi\u010de k\u00e1vomily.<br \/>\nK\u00e1va: Single Estate<br \/>\n<a href=\"http:\/\/www.rockingchairutrecht.nl\">web<\/a> \/ <a href=\"https:\/\/www.facebook.com\/RockingChairUtrecht\/\">facebook<\/a> \/ <a href=\"https:\/\/www.instagram.com\/rockingchairutrecht\/\">instagram<\/a><\/p>\n<p><strong>KOFFIE LEUTE BRAUHAUS<\/strong><br \/>\nWesterkade 30, Utrecht<\/p>\n<figure id=\"attachment_2481\" aria-describedby=\"caption-attachment-2481\" style=\"width: 709px\" class=\"wp-caption alignnone\"><img loading=\"lazy\" decoding=\"async\" class=\"size-full wp-image-2481\" src=\"http:\/\/www.tasteactually.com\/blog\/wp-content\/uploads\/2018\/08\/Koffie-Leute-Brauhaus.jpg\" alt=\"\" width=\"709\" height=\"399\" srcset=\"https:\/\/www.tasteactually.com\/blog\/wp-content\/uploads\/2018\/08\/Koffie-Leute-Brauhaus.jpg 709w, https:\/\/www.tasteactually.com\/blog\/wp-content\/uploads\/2018\/08\/Koffie-Leute-Brauhaus-300x169.jpg 300w, https:\/\/www.tasteactually.com\/blog\/wp-content\/uploads\/2018\/08\/Koffie-Leute-Brauhaus-150x84.jpg 150w, https:\/\/www.tasteactually.com\/blog\/wp-content\/uploads\/2018\/08\/Koffie-Leute-Brauhaus-600x338.jpg 600w, https:\/\/www.tasteactually.com\/blog\/wp-content\/uploads\/2018\/08\/Koffie-Leute-Brauhaus-480x270.jpg 480w, https:\/\/www.tasteactually.com\/blog\/wp-content\/uploads\/2018\/08\/Koffie-Leute-Brauhaus-24x14.jpg 24w, https:\/\/www.tasteactually.com\/blog\/wp-content\/uploads\/2018\/08\/Koffie-Leute-Brauhaus-36x20.jpg 36w, https:\/\/www.tasteactually.com\/blog\/wp-content\/uploads\/2018\/08\/Koffie-Leute-Brauhaus-48x27.jpg 48w\" sizes=\"auto, (max-width: 709px) 100vw, 709px\" \/><figcaption id=\"caption-attachment-2481\" class=\"wp-caption-text\">Koffie Leute Brauhaus \/ fotky TASTE Actually<\/figcaption><\/figure>\n<p>Jestli m\u00e1te chu\u0165 n\u011bkde opravdu jen tak lelkovat, \u010d\u00edst si, hr\u00e1t hry nebo koukat na vodu a lo\u010fky a samoz\u0159ejm\u011b p\u00edt dobr\u00fd kafe (hlavn\u011b to filtrovan\u00fd), tak kav\u00e1rna Koffie Leute je to prav\u00fd m\u00edsto. Naprosto uvoln\u011bn\u00e1 a p\u0159\u00edjemn\u00e1 atmosf\u00e9ra, mil\u00e1 obsluha a to jen kousek od centra.<br \/>\nK\u00e1va: neust\u00e1le se m\u011bn\u00ed<br \/>\n<a href=\"https:\/\/www.koffieleute.nl\">web<\/a> \/ <a href=\"https:\/\/www.facebook.com\/Koffieleute\/\">facebook<\/a> \/ <a href=\"https:\/\/www.instagram.com\/koffieleute\/\">instagram<\/a><\/p>\n<p><strong>OH\u00d8J COFFEE ROASTING<\/strong><br \/>\nRijnlaan 27, Utrecht<\/p>\n<figure id=\"attachment_2483\" aria-describedby=\"caption-attachment-2483\" style=\"width: 709px\" class=\"wp-caption alignnone\"><img loading=\"lazy\" decoding=\"async\" class=\"size-full wp-image-2483\" src=\"http:\/\/www.tasteactually.com\/blog\/wp-content\/uploads\/2018\/08\/Ohoj-Coffee-Roasting.jpg\" alt=\"\" width=\"709\" height=\"399\" srcset=\"https:\/\/www.tasteactually.com\/blog\/wp-content\/uploads\/2018\/08\/Ohoj-Coffee-Roasting.jpg 709w, https:\/\/www.tasteactually.com\/blog\/wp-content\/uploads\/2018\/08\/Ohoj-Coffee-Roasting-300x169.jpg 300w, https:\/\/www.tasteactually.com\/blog\/wp-content\/uploads\/2018\/08\/Ohoj-Coffee-Roasting-150x84.jpg 150w, https:\/\/www.tasteactually.com\/blog\/wp-content\/uploads\/2018\/08\/Ohoj-Coffee-Roasting-600x338.jpg 600w, https:\/\/www.tasteactually.com\/blog\/wp-content\/uploads\/2018\/08\/Ohoj-Coffee-Roasting-480x270.jpg 480w, https:\/\/www.tasteactually.com\/blog\/wp-content\/uploads\/2018\/08\/Ohoj-Coffee-Roasting-24x14.jpg 24w, https:\/\/www.tasteactually.com\/blog\/wp-content\/uploads\/2018\/08\/Ohoj-Coffee-Roasting-36x20.jpg 36w, https:\/\/www.tasteactually.com\/blog\/wp-content\/uploads\/2018\/08\/Ohoj-Coffee-Roasting-48x27.jpg 48w\" sizes=\"auto, (max-width: 709px) 100vw, 709px\" \/><figcaption id=\"caption-attachment-2483\" class=\"wp-caption-text\">Oh\u00f8j Coffee Roasting \/ fotky TASTE Actually<\/figcaption><\/figure>\n<p>Oh\u00f8j je super minimalistick\u00e1 kav\u00e1rna mimo centrum &#8211; tak\u017ee se nab\u00edz\u00ed kr\u00e1sn\u00e1 proj\u00ed\u017e\u010fka na kole. :-) \u00dapravy interi\u00e9ru z\u0159ejm\u011b je\u0161t\u011b prob\u00edhaj\u00ed &#8211; majitel Kevin si pr\u00fd hodn\u011b v\u011bc\u00ed v kav\u00e1rn\u011b d\u011bl\u00e1 s\u00e1m a rozhodn\u011b pra\u017e\u00ed a p\u0159ipravuje naprosto skv\u011blou k\u00e1vu. Shodli jsme se s Tomem, \u017ee n\u00e1m kafe tady chutnalo nejv\u00edc.<br \/>\nK\u00e1va: vlastn\u00ed<br \/>\n&#8211; \/ <a href=\"https:\/\/www.facebook.com\/ohojcoffee\/\">facebook<\/a> \/ <a href=\"https:\/\/www.instagram.com\/ohojcoffee\/\">instagram<\/a><\/p>\n<p><strong>KOFFIE &amp; IK<\/strong><br \/>\nVleutensweg 169, Utrecht<\/p>\n<figure id=\"attachment_2484\" aria-describedby=\"caption-attachment-2484\" style=\"width: 709px\" class=\"wp-caption alignnone\"><img loading=\"lazy\" decoding=\"async\" class=\"size-full wp-image-2484\" src=\"http:\/\/www.tasteactually.com\/blog\/wp-content\/uploads\/2018\/08\/Koffie-and-Ik-1.jpg\" alt=\"\" width=\"709\" height=\"399\" srcset=\"https:\/\/www.tasteactually.com\/blog\/wp-content\/uploads\/2018\/08\/Koffie-and-Ik-1.jpg 709w, https:\/\/www.tasteactually.com\/blog\/wp-content\/uploads\/2018\/08\/Koffie-and-Ik-1-300x169.jpg 300w, https:\/\/www.tasteactually.com\/blog\/wp-content\/uploads\/2018\/08\/Koffie-and-Ik-1-150x84.jpg 150w, https:\/\/www.tasteactually.com\/blog\/wp-content\/uploads\/2018\/08\/Koffie-and-Ik-1-600x338.jpg 600w, https:\/\/www.tasteactually.com\/blog\/wp-content\/uploads\/2018\/08\/Koffie-and-Ik-1-480x270.jpg 480w, https:\/\/www.tasteactually.com\/blog\/wp-content\/uploads\/2018\/08\/Koffie-and-Ik-1-24x14.jpg 24w, https:\/\/www.tasteactually.com\/blog\/wp-content\/uploads\/2018\/08\/Koffie-and-Ik-1-36x20.jpg 36w, https:\/\/www.tasteactually.com\/blog\/wp-content\/uploads\/2018\/08\/Koffie-and-Ik-1-48x27.jpg 48w\" sizes=\"auto, (max-width: 709px) 100vw, 709px\" \/><figcaption id=\"caption-attachment-2484\" class=\"wp-caption-text\">Koffie &amp; Ik \/ fotky TASTE Actually<\/figcaption><\/figure>\n<figure id=\"attachment_2485\" aria-describedby=\"caption-attachment-2485\" style=\"width: 709px\" class=\"wp-caption alignnone\"><img loading=\"lazy\" decoding=\"async\" class=\"size-full wp-image-2485\" src=\"http:\/\/www.tasteactually.com\/blog\/wp-content\/uploads\/2018\/08\/Koffie-and-Ik-2.jpg\" alt=\"\" width=\"709\" height=\"399\" srcset=\"https:\/\/www.tasteactually.com\/blog\/wp-content\/uploads\/2018\/08\/Koffie-and-Ik-2.jpg 709w, https:\/\/www.tasteactually.com\/blog\/wp-content\/uploads\/2018\/08\/Koffie-and-Ik-2-300x169.jpg 300w, https:\/\/www.tasteactually.com\/blog\/wp-content\/uploads\/2018\/08\/Koffie-and-Ik-2-150x84.jpg 150w, https:\/\/www.tasteactually.com\/blog\/wp-content\/uploads\/2018\/08\/Koffie-and-Ik-2-600x338.jpg 600w, https:\/\/www.tasteactually.com\/blog\/wp-content\/uploads\/2018\/08\/Koffie-and-Ik-2-480x270.jpg 480w, https:\/\/www.tasteactually.com\/blog\/wp-content\/uploads\/2018\/08\/Koffie-and-Ik-2-24x14.jpg 24w, https:\/\/www.tasteactually.com\/blog\/wp-content\/uploads\/2018\/08\/Koffie-and-Ik-2-36x20.jpg 36w, https:\/\/www.tasteactually.com\/blog\/wp-content\/uploads\/2018\/08\/Koffie-and-Ik-2-48x27.jpg 48w\" sizes=\"auto, (max-width: 709px) 100vw, 709px\" \/><figcaption id=\"caption-attachment-2485\" class=\"wp-caption-text\">Koffie &amp; Ik \/ fotky TASTE Actually<\/figcaption><\/figure>\n<p>Koffie &amp; Ik je kr\u00e1sn\u00e1, prosv\u011btlen\u00e1, \u00fatuln\u00e1 kav\u00e1rna s milou obsluhou, kde str\u00e1v\u00edte cel\u00fd den a ani si to neuv\u011bdom\u00edte. Je mimo centrum (vezm\u011bte kolo!), je pln\u00e1 m\u00edstn\u00edch lid\u00ed, kte\u0159\u00ed se tu sch\u00e1zej\u00ed na kafe, lehk\u00fd ob\u011bd nebo n\u011bco dobr\u00e9ho. Chod\u00ed sem taky pracovat nebo prost\u011b jen tak v klidu pob\u00fdt.<br \/>\nK\u00e1va: Single Estate<br \/>\n<a href=\"https:\/\/koffieenik.nl\">web<\/a> \/ <a href=\"https:\/\/www.facebook.com\/KoffieenIk\/\">facebook<\/a> \/ <a href=\"https:\/\/www.instagram.com\/koffieenik\/\">instagram<\/a><\/p>\n<p><strong>CORNELIS<\/strong><br \/>\nMaliestraat 16, Utrecht<\/p>\n<figure id=\"attachment_2486\" aria-describedby=\"caption-attachment-2486\" style=\"width: 709px\" class=\"wp-caption alignnone\"><img loading=\"lazy\" decoding=\"async\" class=\"size-full wp-image-2486\" src=\"http:\/\/www.tasteactually.com\/blog\/wp-content\/uploads\/2018\/08\/Cornelis.jpg\" alt=\"\" width=\"709\" height=\"399\" srcset=\"https:\/\/www.tasteactually.com\/blog\/wp-content\/uploads\/2018\/08\/Cornelis.jpg 709w, https:\/\/www.tasteactually.com\/blog\/wp-content\/uploads\/2018\/08\/Cornelis-300x169.jpg 300w, https:\/\/www.tasteactually.com\/blog\/wp-content\/uploads\/2018\/08\/Cornelis-150x84.jpg 150w, https:\/\/www.tasteactually.com\/blog\/wp-content\/uploads\/2018\/08\/Cornelis-600x338.jpg 600w, https:\/\/www.tasteactually.com\/blog\/wp-content\/uploads\/2018\/08\/Cornelis-480x270.jpg 480w, https:\/\/www.tasteactually.com\/blog\/wp-content\/uploads\/2018\/08\/Cornelis-24x14.jpg 24w, https:\/\/www.tasteactually.com\/blog\/wp-content\/uploads\/2018\/08\/Cornelis-36x20.jpg 36w, https:\/\/www.tasteactually.com\/blog\/wp-content\/uploads\/2018\/08\/Cornelis-48x27.jpg 48w\" sizes=\"auto, (max-width: 709px) 100vw, 709px\" \/><figcaption id=\"caption-attachment-2486\" class=\"wp-caption-text\">Cornelis \/ fotky TASTE Actually<\/figcaption><\/figure>\n<p>Kav\u00e1rnu Cornelis sem d\u00e1v\u00e1m trochu pod \u010darou. P\u0159ed t\u0159emi lety jsme v n\u00ed byli, proto\u017ee n\u00e1s u\u010darovalo to m\u00edsto. Z d\u00e1lky n\u00e1s t\u00e1hla n\u00e1dhern\u00e1 zelen\u00e1 v\u00fdloha kouzeln\u00fdho rohov\u00fdho domu a \u00fatuln\u011b vyhl\u00ed\u017eej\u00edc\u00ed sezen\u00ed venku. Vevnit\u0159 to bylo taky super \u00fatuln\u00fd, designov\u011b hezky \u0159e\u0161en\u00fd. Bohu\u017eel k\u00e1va nebyla dob\u0159e p\u0159ipraven\u00e1 a obsluha byla nep\u0159\u00edjemn\u00e1. Nev\u00edm, jestli jsme m\u011bli jen sm\u016flu, ale letos to bylo \u00fapln\u011b stejn\u00fd. Ale jak \u0159\u00edk\u00e1m, to m\u00edsto je prost\u011b kr\u00e1sn\u00fd, tak\u017ee ho sem mus\u00edm d\u00e1t. :-)\u00a0Krom\u011b k\u00e1vy nab\u00edz\u00ed kav\u00e1rna i j\u00eddlo, snacky a sladk\u00fd dobroty.<br \/>\nK\u00e1va: Bocca<br \/>\n<a href=\"http:\/\/cornelis-utrecht.nl\">web<\/a> \/ <a href=\"https:\/\/www.facebook.com\/cornelisutrecht\/\">facebook<\/a> \/ <a href=\"https:\/\/www.instagram.com\/cornelisutrecht\/\">instagram<\/a><\/p>\n<p>Tak\u017ee? Na kolo a k\u00e1vu do Utrechtu, \u00f3 ano! \u0160\u0165astnou cestu! :-)<\/p>\n<p>&nbsp;<\/p>\n<p>&nbsp;<\/p>\n","protected":false},"excerpt":{"rendered":"<p>V\u017edycky, kdy\u017e jsme s Tomem v Holandsku, tak se tam chceme st\u011bhovat. A\u0165 je to kdekoliv, v\u0161ude se n\u00e1m l\u00edb\u00ed. V\u0161ude je zeleno (na ja\u0159e mnohem v\u00edc barevno), v\u0161ude je to bl\u00edzko k mo\u0159i, v\u0161ude se skv\u011ble jezd\u00ed na kole, v\u0161ude jsou kr\u00e1sn\u00fd cihlov\u00fd domy, v\u0161ude je to hezky upraven\u00fd, v\u0161ude maj\u00ed lidi vkus a<center><a class=\"more-link\" href=\"https:\/\/www.tasteactually.com\/blog\/2018\/08\/na-kolo-a-kavu-do-utrechtu-o-ano\/\">Read more<\/a><\/center><\/p>\n","protected":false},"author":2,"featured_media":2460,"comment_status":"open","ping_status":"open","sticky":false,"template":"","format":"standard","meta":{"wprm-recipe-roundup-name":"","wprm-recipe-roundup-description":"","footnotes":""},"categories":[1],"tags":[1394,172,660,1398,1395,1391,1400,59,1393,1397,1071,1396,1392,1399,1066,1390],"class_list":["post-2459","post","type-post","status-publish","format-standard","has-post-thumbnail","hentry","category-nezarazene","tag-cafes","tag-cestovani","tag-coffee","tag-coffee-lover","tag-foodblog","tag-holandsko","tag-hygge","tag-kafe","tag-kam-na-kavu","tag-kavaresnky-povalec","tag-kavarny","tag-kolo","tag-pruvodce","tag-slow-travel","tag-taste-actually","tag-utrecht"],"_links":{"self":[{"href":"https:\/\/www.tasteactually.com\/blog\/wp-json\/wp\/v2\/posts\/2459","targetHints":{"allow":["GET"]}}],"collection":[{"href":"https:\/\/www.tasteactually.com\/blog\/wp-json\/wp\/v2\/posts"}],"about":[{"href":"https:\/\/www.tasteactually.com\/blog\/wp-json\/wp\/v2\/types\/post"}],"author":[{"embeddable":true,"href":"https:\/\/www.tasteactually.com\/blog\/wp-json\/wp\/v2\/users\/2"}],"replies":[{"embeddable":true,"href":"https:\/\/www.tasteactually.com\/blog\/wp-json\/wp\/v2\/comments?post=2459"}],"version-history":[{"count":34,"href":"https:\/\/www.tasteactually.com\/blog\/wp-json\/wp\/v2\/posts\/2459\/revisions"}],"predecessor-version":[{"id":2506,"href":"https:\/\/www.tasteactually.com\/blog\/wp-json\/wp\/v2\/posts\/2459\/revisions\/2506"}],"wp:featuredmedia":[{"embeddable":true,"href":"https:\/\/www.tasteactually.com\/blog\/wp-json\/wp\/v2\/media\/2460"}],"wp:attachment":[{"href":"https:\/\/www.tasteactually.com\/blog\/wp-json\/wp\/v2\/media?parent=2459"}],"wp:term":[{"taxonomy":"category","embeddable":true,"href":"https:\/\/www.tasteactually.com\/blog\/wp-json\/wp\/v2\/categories?post=2459"},{"taxonomy":"post_tag","embeddable":true,"href":"https:\/\/www.tasteactually.com\/blog\/wp-json\/wp\/v2\/tags?post=2459"}],"curies":[{"name":"wp","href":"https:\/\/api.w.org\/{rel}","templated":true}]}}