{"id":20,"date":"2015-05-03T20:17:01","date_gmt":"2015-05-03T18:17:01","guid":{"rendered":"http:\/\/www.tasteactually.com\/blog\/?p=20"},"modified":"2016-09-12T22:03:22","modified_gmt":"2016-09-12T20:03:22","slug":"kafe-a-ja","status":"publish","type":"post","link":"https:\/\/www.tasteactually.com\/blog\/2015\/05\/kafe-a-ja\/","title":{"rendered":"Kafe a j\u00e1"},"content":{"rendered":"<p>Kafe jsem za\u010dala p\u00edt pom\u011brn\u011b pozd\u011b. Pamatuju si na to dob\u0159e, bylo to ve St\u00e1tech, bylo mi asi 22, bylo to p\u0159ek\u00e1pko, kter\u00fd se cel\u00fd den oh\u0159\u00edvalo a j\u00e1 ho pop\u00edjela s vydatnou d\u00e1vkou ml\u00edka a cukru. Kvalitu jsem v t\u00fd dob\u011b ne\u0159e\u0161ila, vlastn\u011b ani tu chu\u0165 (jak bych taky mohla, kdy\u017e to bylo sp\u00ed\u0161 sladk\u00fd ml\u00edko a kafe bylo cejtit hodn\u011b v pozad\u00ed), ale u\u017e tenkr\u00e1t mi von\u011blo.<!--more--><\/p>\n<p>Tvrdla jsem tenkr\u00e1t cel\u00fd l\u00e9to na Hampton Beach v New Hampshire, kde krom\u011b motel\u016f, jednoho hotelu a fast-food\u016f nebylo skoro nic. Teda, byl tam oce\u00e1n a ten byl skv\u011blej.<\/p>\n<p>L\u00e9to jsem zakon\u010dila v New Yorku, kam jsem se ani net\u011b\u0161ila, ale let\u011blo mi odtud letadlo dom\u016f. New York byl nejv\u00edc, zamilovala jsem se, nav\u017edy. Tam jsem objevila Starbucks a proto\u017ee jsem u\u017e v t\u00fd dob\u011b milovala film You&#8217;ve got mail, kde si tam Mag Ryan ka\u017ed\u00fd r\u00e1no kupuje kafe po cest\u011b do sv\u00fdho knihkupectv\u00ed, a proto\u017ee m\u011b bav\u00ed, jak Tom Hanks par\u00e1dn\u011b popisuje, pro\u010d vlastn\u011b existuj\u00ed m\u00edsta jako je Starbucks (The whole purpose of places like Starbucks is for people with no decision-making ability whatsoever to make six decisions just to buy one cup of coffee. Short, tall, light, dark, caf, decaf, low-fat, non-fat, &#8230; So people who don&#8217;t know what the hell they&#8217;re doing or who on earth they are can, for only $2.95, get not just a cup of coffee but an absolutely defining sense of self: Tall. Decaf. Cappuccino.), cel\u00fdch 5 dn\u00ed v New Yorku jsem chodila i n\u011bkolikr\u00e1t denn\u011b do Starbucks na kapu\u010d\u00edno. Mysl\u00edm, \u017ee ne\u0161lo ani tak o kafe, ale o ten pocit, byla jsem p\u0159eci ve Starbucks p\u0159\u00edmo v New Yorku.<\/p>\n<p>Od t\u00e9 doby uplynulo mo\u0159e \u010dasu, do New Yorku jsem se pak je\u0161t\u011b dvakr\u00e1t vr\u00e1tila, ale Starbucks jsem u\u017e nehledala. Kafe a j\u00e1 jsme k sob\u011b v\u00edc p\u0159ilnuli a mysl\u00edm, \u017ee mi za\u010dalo v\u00e1\u017en\u011b chutnat. Za\u010dal m\u011b zaj\u00edmat i p\u016fvod, zp\u016fsoby p\u0159\u00edpravy, pra\u017een\u00ed. Te\u010f si vychutn\u00e1m i filtrovanou k\u00e1vu, ale stejn\u011b, m\u00e9 srdce pat\u0159\u00ed kapu\u010d\u00ednu, to si d\u00e1v\u00e1m nej\u010dast\u011bji. A ten film, ten si d\u00e1v\u00e1m taky pravideln\u011b, aspo\u0148 jednou ro\u010dn\u011b:).<\/p>\n","protected":false},"excerpt":{"rendered":"<p>Kafe jsem za\u010dala p\u00edt pom\u011brn\u011b pozd\u011b. Pamatuju si na to dob\u0159e, bylo to ve St\u00e1tech, bylo mi asi 22, bylo to p\u0159ek\u00e1pko, kter\u00fd se cel\u00fd den oh\u0159\u00edvalo a j\u00e1 ho pop\u00edjela s vydatnou d\u00e1vkou ml\u00edka a cukru. Kvalitu jsem v t\u00fd dob\u011b ne\u0159e\u0161ila, vlastn\u011b ani tu chu\u0165 (jak bych taky mohla, kdy\u017e to bylo sp\u00ed\u0161<center><a class=\"more-link\" href=\"https:\/\/www.tasteactually.com\/blog\/2015\/05\/kafe-a-ja\/\">Read more<\/a><\/center><\/p>\n","protected":false},"author":2,"featured_media":21,"comment_status":"open","ping_status":"open","sticky":false,"template":"","format":"standard","meta":{"wprm-recipe-roundup-name":"","wprm-recipe-roundup-description":"","footnotes":""},"categories":[71],"tags":[61,63,59,60,62],"class_list":["post-20","post","type-post","status-publish","format-standard","has-post-thumbnail","hentry","category-kafe","tag-cappucino","tag-decaf","tag-kafe","tag-new-york","tag-starbucks"],"_links":{"self":[{"href":"https:\/\/www.tasteactually.com\/blog\/wp-json\/wp\/v2\/posts\/20","targetHints":{"allow":["GET"]}}],"collection":[{"href":"https:\/\/www.tasteactually.com\/blog\/wp-json\/wp\/v2\/posts"}],"about":[{"href":"https:\/\/www.tasteactually.com\/blog\/wp-json\/wp\/v2\/types\/post"}],"author":[{"embeddable":true,"href":"https:\/\/www.tasteactually.com\/blog\/wp-json\/wp\/v2\/users\/2"}],"replies":[{"embeddable":true,"href":"https:\/\/www.tasteactually.com\/blog\/wp-json\/wp\/v2\/comments?post=20"}],"version-history":[{"count":0,"href":"https:\/\/www.tasteactually.com\/blog\/wp-json\/wp\/v2\/posts\/20\/revisions"}],"wp:featuredmedia":[{"embeddable":true,"href":"https:\/\/www.tasteactually.com\/blog\/wp-json\/wp\/v2\/media\/21"}],"wp:attachment":[{"href":"https:\/\/www.tasteactually.com\/blog\/wp-json\/wp\/v2\/media?parent=20"}],"wp:term":[{"taxonomy":"category","embeddable":true,"href":"https:\/\/www.tasteactually.com\/blog\/wp-json\/wp\/v2\/categories?post=20"},{"taxonomy":"post_tag","embeddable":true,"href":"https:\/\/www.tasteactually.com\/blog\/wp-json\/wp\/v2\/tags?post=20"}],"curies":[{"name":"wp","href":"https:\/\/api.w.org\/{rel}","templated":true}]}}