{"id":269,"date":"2015-08-17T12:23:23","date_gmt":"2015-08-17T10:23:23","guid":{"rendered":"http:\/\/www.tasteactually.com\/blog\/?p=269"},"modified":"2016-09-12T21:51:12","modified_gmt":"2016-09-12T19:51:12","slug":"knizky-a-ja","status":"publish","type":"post","link":"http:\/\/www.tasteactually.com\/blog\/2015\/08\/knizky-a-ja\/","title":{"rendered":"Kn\u00ed\u017eky a j\u00e1"},"content":{"rendered":"<p>Pen\u00edze vydan\u00e9 za skv\u011bl\u00e9 j\u00eddlo, kafe, cestov\u00e1n\u00ed a kn\u00ed\u017eky pova\u017euju za tu nejlep\u0161\u00ed investici. Jo, kn\u00ed\u017eky, i ty jsou mou velkou v\u00e1\u0161n\u00ed.<\/p>\n<p>M\u00e1m r\u00e1da soudobou literaturu, anglick\u00fd romantismus, d\u011btsk\u00e9 kn\u00ed\u017eky od nakladatelstv\u00ed Baobab, seversk\u00e9 detektivky, autobiografie, samoz\u0159ejm\u011b kucha\u0159ky a v\u0161echny kn\u00ed\u017eky o j\u00eddle, va\u0159en\u00ed, pe\u010den\u00ed, restaurac\u00edch, k\u00e1v\u011b a kav\u00e1rn\u00e1ch, peka\u0159stv\u00edch, bistrech. M\u00e1m r\u00e1da pr\u016fvodce<!--more--> (hlavn\u011b od Lonely Planet), zem\u011bpisn\u00e9 encyklopedie, kn\u00ed\u017eky o um\u011bn\u00ed, architektu\u0159e, designu, bydlen\u00ed, m\u00f3d\u011b (tyhle nejrad\u0161i od nakladatelstv\u00ed Taschen nebo Gestalten).<\/p>\n<p>M\u00e1m r\u00e1da star\u00e9, i nov\u00e9 kn\u00ed\u017eky. M\u00e1m r\u00e1da jejich v\u016fni. V\u00a0knihkupectv\u00edch jsem schopn\u00e1 tr\u00e1vit hodiny, rozj\u00edmat nad \u010dten\u00edm p\u0159ebal\u016f a utratit polovinu v\u00fdplaty. M\u00e1m r\u00e1da tu chv\u00edli, kdy si doma kn\u00ed\u017eku zabal\u00edm do pl\u00e1t\u011bn\u00e9ho obalu (m\u00e1m jich od Papelote hned n\u011bkolik, v r\u016fzn\u00fdch velikostech, s prou\u017eky a punt\u00edky), zabo\u0159\u00edm nos mezi str\u00e1nky a zhluboka se nadechnu. To je m\u016fj ritu\u00e1l p\u0159edt\u00edm, ne\u017e se za\u010dtu. \u010ctu ve vlaku, n\u011bkdy i za ch\u016fze, kdy\u017e se nem\u016f\u017eu odtrhnout. Pro\u017e\u00edv\u00e1m \u0161t\u011bst\u00ed, smutek, radost, vy\u0161et\u0159uju vra\u017edu, \u010dek\u00e1m, jak to dopadne a \u010dasto nechci, aby to skon\u010dilo.<\/p>\n<p>V posledn\u00edch dvou t\u00fddnech bylo ale takov\u00e9 vedro, \u017ee jsem skoro ne\u010detla, ani neva\u0159ila. Zato jsem si prohl\u00ed\u017eela &#8211; ilustrace, obrazy, bar\u00e1ky, k\u0159esla, j\u00eddla, graffiti, sochy, kr\u00e1sn\u00fd i \u0161\u00edlen\u00fd kreace m\u00f3dn\u00edch n\u00e1vrh\u00e1\u0159\u016f, interi\u00e9ry restaurac\u00ed, mapy. Dnes se ale kone\u010dn\u011b ochladilo, tak\u017ee zase za\u010dnu, va\u0159it i \u010d\u00edst. M\u00e1m roze\u010dtenou skv\u011blou trilogii od Petera Maye. Pak se t\u011b\u0161\u00edm na Just Kids od Patti Smith. Tuhle kn\u00ed\u017eku \u010dtu ka\u017ed\u00fd rok, v\u017edycky na podzim, miluju ji.<\/p>\n<p>Kn\u00ed\u017eky a j\u00e1, to je rozhodn\u011b k\u00e1mo\u0161en\u00ed na celej \u017eivot.<\/p>\n","protected":false},"excerpt":{"rendered":"<p>Pen\u00edze vydan\u00e9 za skv\u011bl\u00e9 j\u00eddlo, kafe, cestov\u00e1n\u00ed a kn\u00ed\u017eky pova\u017euju za tu nejlep\u0161\u00ed investici. Jo, kn\u00ed\u017eky, i ty jsou mou velkou v\u00e1\u0161n\u00ed. M\u00e1m r\u00e1da soudobou literaturu, anglick\u00fd romantismus, d\u011btsk\u00e9 kn\u00ed\u017eky od nakladatelstv\u00ed Baobab, seversk\u00e9 detektivky, autobiografie, samoz\u0159ejm\u011b kucha\u0159ky a v\u0161echny kn\u00ed\u017eky o j\u00eddle, va\u0159en\u00ed, pe\u010den\u00ed, restaurac\u00edch, k\u00e1v\u011b a kav\u00e1rn\u00e1ch, peka\u0159stv\u00edch, bistrech. M\u00e1m r\u00e1da pr\u016fvodce<\/p>\n","protected":false},"author":2,"featured_media":271,"comment_status":"open","ping_status":"open","sticky":false,"template":"","format":"standard","meta":{"wprm-recipe-roundup-name":"","wprm-recipe-roundup-description":"","footnotes":""},"categories":[1],"tags":[401,399,404,400,398,405,402,403],"class_list":["post-269","post","type-post","status-publish","format-standard","has-post-thumbnail","hentry","category-nezarazene","tag-baobab","tag-cteni","tag-gestalten","tag-inspirace","tag-knizky","tag-lonely-planet","tag-papelote","tag-taschen"],"_links":{"self":[{"href":"http:\/\/www.tasteactually.com\/blog\/wp-json\/wp\/v2\/posts\/269","targetHints":{"allow":["GET"]}}],"collection":[{"href":"http:\/\/www.tasteactually.com\/blog\/wp-json\/wp\/v2\/posts"}],"about":[{"href":"http:\/\/www.tasteactually.com\/blog\/wp-json\/wp\/v2\/types\/post"}],"author":[{"embeddable":true,"href":"http:\/\/www.tasteactually.com\/blog\/wp-json\/wp\/v2\/users\/2"}],"replies":[{"embeddable":true,"href":"http:\/\/www.tasteactually.com\/blog\/wp-json\/wp\/v2\/comments?post=269"}],"version-history":[{"count":0,"href":"http:\/\/www.tasteactually.com\/blog\/wp-json\/wp\/v2\/posts\/269\/revisions"}],"wp:featuredmedia":[{"embeddable":true,"href":"http:\/\/www.tasteactually.com\/blog\/wp-json\/wp\/v2\/media\/271"}],"wp:attachment":[{"href":"http:\/\/www.tasteactually.com\/blog\/wp-json\/wp\/v2\/media?parent=269"}],"wp:term":[{"taxonomy":"category","embeddable":true,"href":"http:\/\/www.tasteactually.com\/blog\/wp-json\/wp\/v2\/categories?post=269"},{"taxonomy":"post_tag","embeddable":true,"href":"http:\/\/www.tasteactually.com\/blog\/wp-json\/wp\/v2\/tags?post=269"}],"curies":[{"name":"wp","href":"https:\/\/api.w.org\/{rel}","templated":true}]}}